{"id":2656,"date":"2018-06-17T17:49:44","date_gmt":"2018-06-17T15:49:44","guid":{"rendered":"https:\/\/gsc-ratisbona.de\/wp\/?p=2656"},"modified":"2018-12-26T14:50:29","modified_gmt":"2018-12-26T13:50:29","slug":"windenschlspptag-2018","status":"publish","type":"post","link":"https:\/\/gsc-ratisbona.de\/wp\/?p=2656","title":{"rendered":"Windenschlepptag"},"content":{"rendered":"<p><span style=\"color: #000000; font-family: Calibri;\"><img loading=\"lazy\" decoding=\"async\" class=\"size-medium wp-image-2657 alignright\" src=\"https:\/\/gsc-ratisbona.de\/wp\/wp-content\/uploads\/2018\/06\/Steinbach-2018_1-300x300.jpg\" alt=\"\" width=\"300\" height=\"300\" srcset=\"https:\/\/gsc-ratisbona.de\/wp\/wp-content\/uploads\/2018\/06\/Steinbach-2018_1-300x300.jpg 300w, https:\/\/gsc-ratisbona.de\/wp\/wp-content\/uploads\/2018\/06\/Steinbach-2018_1-150x150.jpg 150w, https:\/\/gsc-ratisbona.de\/wp\/wp-content\/uploads\/2018\/06\/Steinbach-2018_1.jpg 512w\" sizes=\"auto, (max-width: 300px) 100vw, 300px\" \/>Bei besten Bedingungen mit bayrisch wei\u00df-blauem Himmel konnten wir am Samstag 16.06. unseren Windenschlepptag durchf\u00fchren.<br \/>\n<\/span><span style=\"color: #000000; font-family: Calibri;\">Insgesamt 12 GSC-Mitglieder fanden sich in Steinbach ein.<br \/>\n<\/span><span style=\"color: #000000; font-family: Calibri;\">Die Teilnehmer waren: Peter H., Sigi, Alois, Jose, Renate, Rene, Alfred, Robert, Uli, Hermann, <\/span><span style=\"color: #000000; font-family: Calibri;\">als passive Teilnehmer, die noch keinen Schleppschein haben, waren noch Daniel und Frank mit vor Ort.<br \/>\n<\/span><span style=\"color: #000000; font-family: Calibri;\">Bei leichtem Ostwind und Basish\u00f6hen von deutlich \u00fcber 2000m brachten uns unsere Kollegen von Albatross Landshut alle sicher in die Luft. So konnten wir Fl\u00fcge \u00fcber mehrere Stunden und bis \u00fcber 100km realisieren. Somit ein toller Tag f\u00fcr alle die dabei sein konnten.<br \/>\n<\/span><span style=\"color: #000000; font-family: Calibri;\">Am Ende lie\u00dfen wir den Schlepptag bei Landebier und Grillsteaks noch gem\u00fctlich ausklingen.<\/span><\/p>\n<p><span style=\"color: #000000; font-family: Calibri;\">Vielen Dank nochmal an die Albatrosse aus Landshut f\u00fcr die perfekte und reibungslose Durchf\u00fchrung.<\/span><\/p>\n","protected":false},"excerpt":{"rendered":"<p>Bei besten Bedingungen mit bayrisch wei\u00df-blauem Himmel konnten wir am Samstag 16.06. unseren Windenschlepptag durchf\u00fchren. Insgesamt 12 GSC-Mitglieder fanden sich in Steinbach ein. Die Teilnehmer waren: Peter H., Sigi, Alois, Jose, Renate, Rene, Alfred, Robert, Uli, Hermann, als passive Teilnehmer, die noch keinen Schleppschein haben, waren noch Daniel und Frank mit vor Ort. Bei leichtem&#8230;&nbsp;(<a href=\"https:\/\/gsc-ratisbona.de\/wp\/?p=2656\">weiterlesen<\/a>)<\/p>\n","protected":false},"author":7,"featured_media":0,"comment_status":"closed","ping_status":"closed","sticky":false,"template":"","format":"standard","meta":{"footnotes":""},"categories":[2],"tags":[],"class_list":["post-2656","post","type-post","status-publish","format-standard","hentry","category-aktuell"],"_links":{"self":[{"href":"https:\/\/gsc-ratisbona.de\/wp\/index.php?rest_route=\/wp\/v2\/posts\/2656","targetHints":{"allow":["GET"]}}],"collection":[{"href":"https:\/\/gsc-ratisbona.de\/wp\/index.php?rest_route=\/wp\/v2\/posts"}],"about":[{"href":"https:\/\/gsc-ratisbona.de\/wp\/index.php?rest_route=\/wp\/v2\/types\/post"}],"author":[{"embeddable":true,"href":"https:\/\/gsc-ratisbona.de\/wp\/index.php?rest_route=\/wp\/v2\/users\/7"}],"replies":[{"embeddable":true,"href":"https:\/\/gsc-ratisbona.de\/wp\/index.php?rest_route=%2Fwp%2Fv2%2Fcomments&post=2656"}],"version-history":[{"count":5,"href":"https:\/\/gsc-ratisbona.de\/wp\/index.php?rest_route=\/wp\/v2\/posts\/2656\/revisions"}],"predecessor-version":[{"id":3165,"href":"https:\/\/gsc-ratisbona.de\/wp\/index.php?rest_route=\/wp\/v2\/posts\/2656\/revisions\/3165"}],"wp:attachment":[{"href":"https:\/\/gsc-ratisbona.de\/wp\/index.php?rest_route=%2Fwp%2Fv2%2Fmedia&parent=2656"}],"wp:term":[{"taxonomy":"category","embeddable":true,"href":"https:\/\/gsc-ratisbona.de\/wp\/index.php?rest_route=%2Fwp%2Fv2%2Fcategories&post=2656"},{"taxonomy":"post_tag","embeddable":true,"href":"https:\/\/gsc-ratisbona.de\/wp\/index.php?rest_route=%2Fwp%2Fv2%2Ftags&post=2656"}],"curies":[{"name":"wp","href":"https:\/\/api.w.org\/{rel}","templated":true}]}}