{"id":3037,"date":"2018-07-30T06:38:57","date_gmt":"2018-07-30T04:38:57","guid":{"rendered":"https:\/\/gsc-ratisbona.de\/wp\/?p=3037"},"modified":"2018-12-26T14:50:18","modified_gmt":"2018-12-26T13:50:18","slug":"sommerfest-vorverlegt","status":"publish","type":"post","link":"https:\/\/gsc-ratisbona.de\/wp\/?p=3037","title":{"rendered":"Sommerfest"},"content":{"rendered":"<p>Das diesj\u00e4hrige GSC-Sommerfest in Kallm\u00fcnz am 20. Juli war wieder eine sehr gelungene Veranstaltung.<br \/>\nBei bestem Wetter trafen sich zahlreiche Piloten und G\u00e4ste zum gem\u00fctlichen Beisammensein.<br \/>\nHerzlichen Dank an Stefan und alle Helfer f\u00fcr die Organisation und die exzellente kulinarische Versorgung.<\/p>\n<p><img loading=\"lazy\" decoding=\"async\" class=\"alignnone wp-image-3044\" src=\"https:\/\/gsc-ratisbona.de\/wp\/wp-content\/uploads\/2018\/08\/180720_Sommerfest_GSC_003s-1024x576.jpg\" alt=\"\" width=\"356\" height=\"200\" srcset=\"https:\/\/gsc-ratisbona.de\/wp\/wp-content\/uploads\/2018\/08\/180720_Sommerfest_GSC_003s-1024x576.jpg 1024w, https:\/\/gsc-ratisbona.de\/wp\/wp-content\/uploads\/2018\/08\/180720_Sommerfest_GSC_003s-300x169.jpg 300w, https:\/\/gsc-ratisbona.de\/wp\/wp-content\/uploads\/2018\/08\/180720_Sommerfest_GSC_003s-768x432.jpg 768w, https:\/\/gsc-ratisbona.de\/wp\/wp-content\/uploads\/2018\/08\/180720_Sommerfest_GSC_003s-150x84.jpg 150w, https:\/\/gsc-ratisbona.de\/wp\/wp-content\/uploads\/2018\/08\/180720_Sommerfest_GSC_003s.jpg 1920w\" sizes=\"auto, (max-width: 356px) 100vw, 356px\" \/> <img loading=\"lazy\" decoding=\"async\" class=\"alignnone wp-image-3045\" src=\"https:\/\/gsc-ratisbona.de\/wp\/wp-content\/uploads\/2018\/08\/180720_Sommerfest_GSC_001s-1024x576.jpg\" alt=\"\" width=\"355\" height=\"200\" srcset=\"https:\/\/gsc-ratisbona.de\/wp\/wp-content\/uploads\/2018\/08\/180720_Sommerfest_GSC_001s-1024x576.jpg 1024w, https:\/\/gsc-ratisbona.de\/wp\/wp-content\/uploads\/2018\/08\/180720_Sommerfest_GSC_001s-300x169.jpg 300w, https:\/\/gsc-ratisbona.de\/wp\/wp-content\/uploads\/2018\/08\/180720_Sommerfest_GSC_001s-768x432.jpg 768w, https:\/\/gsc-ratisbona.de\/wp\/wp-content\/uploads\/2018\/08\/180720_Sommerfest_GSC_001s-150x84.jpg 150w, https:\/\/gsc-ratisbona.de\/wp\/wp-content\/uploads\/2018\/08\/180720_Sommerfest_GSC_001s.jpg 1920w\" sizes=\"auto, (max-width: 355px) 100vw, 355px\" \/> <img loading=\"lazy\" decoding=\"async\" class=\"alignnone wp-image-3043\" src=\"https:\/\/gsc-ratisbona.de\/wp\/wp-content\/uploads\/2018\/08\/180720_Sommerfest_GSC_002s-1024x576.jpg\" alt=\"\" width=\"355\" height=\"200\" srcset=\"https:\/\/gsc-ratisbona.de\/wp\/wp-content\/uploads\/2018\/08\/180720_Sommerfest_GSC_002s-1024x576.jpg 1024w, https:\/\/gsc-ratisbona.de\/wp\/wp-content\/uploads\/2018\/08\/180720_Sommerfest_GSC_002s-300x169.jpg 300w, https:\/\/gsc-ratisbona.de\/wp\/wp-content\/uploads\/2018\/08\/180720_Sommerfest_GSC_002s-768x432.jpg 768w, https:\/\/gsc-ratisbona.de\/wp\/wp-content\/uploads\/2018\/08\/180720_Sommerfest_GSC_002s-150x84.jpg 150w, https:\/\/gsc-ratisbona.de\/wp\/wp-content\/uploads\/2018\/08\/180720_Sommerfest_GSC_002s.jpg 1920w\" sizes=\"auto, (max-width: 355px) 100vw, 355px\" \/><\/p>\n","protected":false},"excerpt":{"rendered":"<p>Das diesj\u00e4hrige GSC-Sommerfest in Kallm\u00fcnz am 20. Juli war wieder eine sehr gelungene Veranstaltung. Bei bestem Wetter trafen sich zahlreiche Piloten und G\u00e4ste zum gem\u00fctlichen Beisammensein. Herzlichen Dank an Stefan und alle Helfer f\u00fcr die Organisation und die exzellente kulinarische Versorgung.<\/p>\n","protected":false},"author":9,"featured_media":0,"comment_status":"closed","ping_status":"closed","sticky":false,"template":"","format":"standard","meta":{"footnotes":""},"categories":[2],"tags":[],"class_list":["post-3037","post","type-post","status-publish","format-standard","hentry","category-aktuell"],"_links":{"self":[{"href":"https:\/\/gsc-ratisbona.de\/wp\/index.php?rest_route=\/wp\/v2\/posts\/3037","targetHints":{"allow":["GET"]}}],"collection":[{"href":"https:\/\/gsc-ratisbona.de\/wp\/index.php?rest_route=\/wp\/v2\/posts"}],"about":[{"href":"https:\/\/gsc-ratisbona.de\/wp\/index.php?rest_route=\/wp\/v2\/types\/post"}],"author":[{"embeddable":true,"href":"https:\/\/gsc-ratisbona.de\/wp\/index.php?rest_route=\/wp\/v2\/users\/9"}],"replies":[{"embeddable":true,"href":"https:\/\/gsc-ratisbona.de\/wp\/index.php?rest_route=%2Fwp%2Fv2%2Fcomments&post=3037"}],"version-history":[{"count":13,"href":"https:\/\/gsc-ratisbona.de\/wp\/index.php?rest_route=\/wp\/v2\/posts\/3037\/revisions"}],"predecessor-version":[{"id":3164,"href":"https:\/\/gsc-ratisbona.de\/wp\/index.php?rest_route=\/wp\/v2\/posts\/3037\/revisions\/3164"}],"wp:attachment":[{"href":"https:\/\/gsc-ratisbona.de\/wp\/index.php?rest_route=%2Fwp%2Fv2%2Fmedia&parent=3037"}],"wp:term":[{"taxonomy":"category","embeddable":true,"href":"https:\/\/gsc-ratisbona.de\/wp\/index.php?rest_route=%2Fwp%2Fv2%2Fcategories&post=3037"},{"taxonomy":"post_tag","embeddable":true,"href":"https:\/\/gsc-ratisbona.de\/wp\/index.php?rest_route=%2Fwp%2Fv2%2Ftags&post=3037"}],"curies":[{"name":"wp","href":"https:\/\/api.w.org\/{rel}","templated":true}]}}