{"id":3097,"date":"2018-10-24T20:56:18","date_gmt":"2018-10-24T18:56:18","guid":{"rendered":"https:\/\/gsc-ratisbona.de\/wp\/?p=3097"},"modified":"2018-12-09T13:53:56","modified_gmt":"2018-12-09T12:53:56","slug":"walk-fly","status":"publish","type":"post","link":"https:\/\/gsc-ratisbona.de\/wp\/?p=3097","title":{"rendered":"Walk &#038; Fly"},"content":{"rendered":"<p><strong>Walk &amp; Fly Ausfahrt zum Christlumkopf am Achensee<\/strong><br \/>\nBericht und Fotos: Hermann<\/p>\n<p>F\u00fcnf optimistische Wanderer trafen sich am Sonntag den 21. 10. zur geplanten Walk &amp; Fly Ausfahrt des GSC Ratisbona. Unser Ziel war der Christlumkopf am Achensee.<\/p>\n<p><img loading=\"lazy\" decoding=\"async\" class=\"alignnone wp-image-3094\" src=\"https:\/\/gsc-ratisbona.de\/wp\/wp-content\/uploads\/2018\/10\/Wandergruppe-300x183.jpg\" alt=\"\" width=\"278\" height=\"170\" srcset=\"https:\/\/gsc-ratisbona.de\/wp\/wp-content\/uploads\/2018\/10\/Wandergruppe-300x183.jpg 300w, https:\/\/gsc-ratisbona.de\/wp\/wp-content\/uploads\/2018\/10\/Wandergruppe-768x468.jpg 768w, https:\/\/gsc-ratisbona.de\/wp\/wp-content\/uploads\/2018\/10\/Wandergruppe-1024x624.jpg 1024w, https:\/\/gsc-ratisbona.de\/wp\/wp-content\/uploads\/2018\/10\/Wandergruppe-150x91.jpg 150w, https:\/\/gsc-ratisbona.de\/wp\/wp-content\/uploads\/2018\/10\/Wandergruppe.jpg 1026w\" sizes=\"auto, (max-width: 278px) 100vw, 278px\" \/>\u00a0<img loading=\"lazy\" decoding=\"async\" class=\"alignnone wp-image-3092\" src=\"https:\/\/gsc-ratisbona.de\/wp\/wp-content\/uploads\/2018\/10\/Jose-300x169.jpg\" alt=\"\" width=\"300\" height=\"169\" srcset=\"https:\/\/gsc-ratisbona.de\/wp\/wp-content\/uploads\/2018\/10\/Jose-300x169.jpg 300w, https:\/\/gsc-ratisbona.de\/wp\/wp-content\/uploads\/2018\/10\/Jose-768x432.jpg 768w, https:\/\/gsc-ratisbona.de\/wp\/wp-content\/uploads\/2018\/10\/Jose-1024x576.jpg 1024w, https:\/\/gsc-ratisbona.de\/wp\/wp-content\/uploads\/2018\/10\/Jose-150x84.jpg 150w, https:\/\/gsc-ratisbona.de\/wp\/wp-content\/uploads\/2018\/10\/Jose.jpg 1129w\" sizes=\"auto, (max-width: 300px) 100vw, 300px\" \/><br \/>\nNach z\u00fcgiger und staufreier Anreise, starteten wir per pedes in Richtung Gipfel. Der Himmel war beim Start noch gr\u00f6\u00dftenteils vom Hochnebel bedeckt, der sich w\u00e4hrend des Aufstieges aber etwas lichtete. \u00a0Als wir nach 2Std. oben ankamen, war allerdings wieder alles im Nebel. Die n\u00e4chsten Stunden wechselte dann dichter Nebel mit zum Teil Sonnenschein und der Wind kam aus allen m\u00f6glichen und unm\u00f6glichen Richtungen. So verbrachten wir die n\u00e4chsten Stunden erst mit Gipfelbrotzeit und dann mit Parawaiting. Aber wir blieben optimistisch, denn Jose war sich absolut sicher, dass\u00a0 es um 14:00 aufrei\u00dft. Und er hatte tats\u00e4chlich Recht. Nur der Wind kam weiterhin aus uneinheitlichen Richtungen. So machten wir uns startklar um auf windstille Startfenster zu warten.<\/p>\n<p><img loading=\"lazy\" decoding=\"async\" class=\"alignnone size-medium wp-image-3093\" src=\"https:\/\/gsc-ratisbona.de\/wp\/wp-content\/uploads\/2018\/10\/Parawaiting-300x169.jpg\" alt=\"\" width=\"300\" height=\"169\" srcset=\"https:\/\/gsc-ratisbona.de\/wp\/wp-content\/uploads\/2018\/10\/Parawaiting-300x169.jpg 300w, https:\/\/gsc-ratisbona.de\/wp\/wp-content\/uploads\/2018\/10\/Parawaiting-768x432.jpg 768w, https:\/\/gsc-ratisbona.de\/wp\/wp-content\/uploads\/2018\/10\/Parawaiting-1024x576.jpg 1024w, https:\/\/gsc-ratisbona.de\/wp\/wp-content\/uploads\/2018\/10\/Parawaiting-150x84.jpg 150w, https:\/\/gsc-ratisbona.de\/wp\/wp-content\/uploads\/2018\/10\/Parawaiting.jpg 1127w\" sizes=\"auto, (max-width: 300px) 100vw, 300px\" \/>\u00a0<img loading=\"lazy\" decoding=\"async\" class=\"alignnone size-medium wp-image-3089\" src=\"https:\/\/gsc-ratisbona.de\/wp\/wp-content\/uploads\/2018\/10\/Alois-startklar-300x168.jpg\" alt=\"\" width=\"300\" height=\"168\" srcset=\"https:\/\/gsc-ratisbona.de\/wp\/wp-content\/uploads\/2018\/10\/Alois-startklar-300x168.jpg 300w, https:\/\/gsc-ratisbona.de\/wp\/wp-content\/uploads\/2018\/10\/Alois-startklar-768x431.jpg 768w, https:\/\/gsc-ratisbona.de\/wp\/wp-content\/uploads\/2018\/10\/Alois-startklar-1024x574.jpg 1024w, https:\/\/gsc-ratisbona.de\/wp\/wp-content\/uploads\/2018\/10\/Alois-startklar-150x84.jpg 150w, https:\/\/gsc-ratisbona.de\/wp\/wp-content\/uploads\/2018\/10\/Alois-startklar.jpg 1122w\" sizes=\"auto, (max-width: 300px) 100vw, 300px\" \/><\/p>\n<p>Alois startete als Erster und konnte gleich eine Thermikblase bis an die Nebelbasis zentrieren und sogar den Startplatz \u00fcberh\u00f6hen. Nach und nach starteten auch alle anderen um ins Tal zu gleiten, leider haben wir es nicht mehr ganz so gut erwischt wie unser Vorflieger. Unten erwartete uns ein sehr starker und b\u00f6iger Talwind, der das Vorankommen schwer machte. \u00a0Nach sicherer Landung und dem Verstauen unserer Ausr\u00fcstung hatten wir alle m\u00e4chtig Hunger und Durst, deshalb kehrten wir noch im nahegelegenen Zillertaler Hof ein um bei Weissbier, Schnitzel und Kaiserschmarrn unser Abenteuer ausklingen zu lassen. Davon hatten wir schon w\u00e4hrend des Wartens am Gipfel getr\u00e4umt. Gegen 17:00 machten wir uns dann wieder auf den Heimweg nach Regensburg.<br \/>\nTrotz nur kurzer Flugzeit, war es insgesamt ein gelungener und kameradschaftlicher Walk &amp; Fly Ausflug. Und gleich gegen\u00fcber des Christlumkopfes haben wir mit dem Vorderunn\u00fctz auch schon unser n\u00e4chstes Wunschziel ausgemacht.<\/p>\n<p><img loading=\"lazy\" decoding=\"async\" class=\"alignnone wp-image-3091 size-medium\" src=\"https:\/\/gsc-ratisbona.de\/wp\/wp-content\/uploads\/2018\/10\/Endanflug-204x300.jpg\" alt=\"\" width=\"204\" height=\"300\" srcset=\"https:\/\/gsc-ratisbona.de\/wp\/wp-content\/uploads\/2018\/10\/Endanflug-204x300.jpg 204w, https:\/\/gsc-ratisbona.de\/wp\/wp-content\/uploads\/2018\/10\/Endanflug-102x150.jpg 102w, https:\/\/gsc-ratisbona.de\/wp\/wp-content\/uploads\/2018\/10\/Endanflug.jpg 456w\" sizes=\"auto, (max-width: 204px) 100vw, 204px\" \/>\u00a0<img loading=\"lazy\" decoding=\"async\" class=\"alignnone size-medium wp-image-3090\" src=\"https:\/\/gsc-ratisbona.de\/wp\/wp-content\/uploads\/2018\/10\/Dominik-300x168.jpg\" alt=\"\" width=\"300\" height=\"168\" srcset=\"https:\/\/gsc-ratisbona.de\/wp\/wp-content\/uploads\/2018\/10\/Dominik-300x168.jpg 300w, https:\/\/gsc-ratisbona.de\/wp\/wp-content\/uploads\/2018\/10\/Dominik-768x431.jpg 768w, https:\/\/gsc-ratisbona.de\/wp\/wp-content\/uploads\/2018\/10\/Dominik-1024x575.jpg 1024w, https:\/\/gsc-ratisbona.de\/wp\/wp-content\/uploads\/2018\/10\/Dominik-150x84.jpg 150w, https:\/\/gsc-ratisbona.de\/wp\/wp-content\/uploads\/2018\/10\/Dominik.jpg 1131w\" sizes=\"auto, (max-width: 300px) 100vw, 300px\" \/><\/p>\n<p>&nbsp;<\/p>\n","protected":false},"excerpt":{"rendered":"<p>Walk &amp; Fly Ausfahrt zum Christlumkopf am Achensee Bericht und Fotos: Hermann F\u00fcnf optimistische Wanderer trafen sich am Sonntag den 21. 10. zur geplanten Walk &amp; Fly Ausfahrt des GSC Ratisbona. Unser Ziel war der Christlumkopf am Achensee. \u00a0 Nach z\u00fcgiger und staufreier Anreise, starteten wir per pedes in Richtung Gipfel. Der Himmel war beim&#8230;&nbsp;(<a href=\"https:\/\/gsc-ratisbona.de\/wp\/?p=3097\">weiterlesen<\/a>)<\/p>\n","protected":false},"author":7,"featured_media":0,"comment_status":"closed","ping_status":"closed","sticky":false,"template":"","format":"standard","meta":{"footnotes":""},"categories":[2],"tags":[],"class_list":["post-3097","post","type-post","status-publish","format-standard","hentry","category-aktuell"],"_links":{"self":[{"href":"https:\/\/gsc-ratisbona.de\/wp\/index.php?rest_route=\/wp\/v2\/posts\/3097","targetHints":{"allow":["GET"]}}],"collection":[{"href":"https:\/\/gsc-ratisbona.de\/wp\/index.php?rest_route=\/wp\/v2\/posts"}],"about":[{"href":"https:\/\/gsc-ratisbona.de\/wp\/index.php?rest_route=\/wp\/v2\/types\/post"}],"author":[{"embeddable":true,"href":"https:\/\/gsc-ratisbona.de\/wp\/index.php?rest_route=\/wp\/v2\/users\/7"}],"replies":[{"embeddable":true,"href":"https:\/\/gsc-ratisbona.de\/wp\/index.php?rest_route=%2Fwp%2Fv2%2Fcomments&post=3097"}],"version-history":[{"count":5,"href":"https:\/\/gsc-ratisbona.de\/wp\/index.php?rest_route=\/wp\/v2\/posts\/3097\/revisions"}],"predecessor-version":[{"id":3138,"href":"https:\/\/gsc-ratisbona.de\/wp\/index.php?rest_route=\/wp\/v2\/posts\/3097\/revisions\/3138"}],"wp:attachment":[{"href":"https:\/\/gsc-ratisbona.de\/wp\/index.php?rest_route=%2Fwp%2Fv2%2Fmedia&parent=3097"}],"wp:term":[{"taxonomy":"category","embeddable":true,"href":"https:\/\/gsc-ratisbona.de\/wp\/index.php?rest_route=%2Fwp%2Fv2%2Fcategories&post=3097"},{"taxonomy":"post_tag","embeddable":true,"href":"https:\/\/gsc-ratisbona.de\/wp\/index.php?rest_route=%2Fwp%2Fv2%2Ftags&post=3097"}],"curies":[{"name":"wp","href":"https:\/\/api.w.org\/{rel}","templated":true}]}}