{"id":3128,"date":"2018-12-03T13:19:58","date_gmt":"2018-12-03T12:19:58","guid":{"rendered":"https:\/\/gsc-ratisbona.de\/wp\/?p=3128"},"modified":"2018-12-13T12:33:22","modified_gmt":"2018-12-13T11:33:22","slug":"saisonabschluss-2018","status":"publish","type":"post","link":"https:\/\/gsc-ratisbona.de\/wp\/?p=3128","title":{"rendered":"Saisonabschluss 2018"},"content":{"rendered":"<p>Am 01.Dezember fand der Saisonabschluss des GSC statt. Mehr als 50 Pilotinnen und Piloten, teils mit Anhang, feierten gemeinsam im Spitalkeller. Im Jahresr\u00fcckblick konnte man die Highlights Revue passieren lassen. Die Analyse der XC-Saison zeigte eine deutliche Zunahme der Fl\u00fcge (+10%) und Flugstunden (+30%) gegen\u00fcber der Vorsaison.<\/p>\n<p>Stefan Weber sicherte sich den Titel als Streckenflugmeister (850 Pkt.). Auch die Vereinsmeister Christoph G\u00e4rditz, Hermann Klarl und Jonas Behringer wurden geehrt. Newcomer 2018 wurde Moritz Behringer. Besonderer Dank f\u00fcr au\u00dferordentliches Engagement im Verein ging an Winfried Mellar, Herbert Porsch, Daniel Gr\u00fcnbeck, Siggi Schie\u00dfl und Frank Schl\u00fcter. Fachsimpeln kam beim gem\u00fctlichen Beisammensein wie immer nicht zu kurz. Sowohl den <a href=\"https:\/\/gsc-ratisbona.de\/wp\/wp-content\/uploads\/2018\/12\/GSC_Saisonrueckblick_2018.pdf\">Saisonr\u00fcckblick<\/a> als auch den <a href=\"https:\/\/gsc-ratisbona.de\/wp\/wp-content\/uploads\/2018\/12\/GSC-Ratisbona_Kalender-2019.pdf\">GSC Kalender 2019<\/a> findet ihr online.<\/p>\n<p>Der Vorstand w\u00fcnscht allen Mitgliedern frohe und gesegnete Weihnachten und einen guten Start ins neue Jahr. Wir freuen uns auf die n\u00e4chste Saison mit euch.<\/p>\n<p><img loading=\"lazy\" decoding=\"async\" class=\"alignnone wp-image-3139\" src=\"https:\/\/gsc-ratisbona.de\/wp\/wp-content\/uploads\/2018\/12\/181201_GSC_Jahresabschluss_004a-1024x682.jpg\" alt=\"\" width=\"300\" height=\"200\" srcset=\"https:\/\/gsc-ratisbona.de\/wp\/wp-content\/uploads\/2018\/12\/181201_GSC_Jahresabschluss_004a-1024x682.jpg 1024w, https:\/\/gsc-ratisbona.de\/wp\/wp-content\/uploads\/2018\/12\/181201_GSC_Jahresabschluss_004a-300x200.jpg 300w, https:\/\/gsc-ratisbona.de\/wp\/wp-content\/uploads\/2018\/12\/181201_GSC_Jahresabschluss_004a-768x512.jpg 768w, https:\/\/gsc-ratisbona.de\/wp\/wp-content\/uploads\/2018\/12\/181201_GSC_Jahresabschluss_004a-150x100.jpg 150w, https:\/\/gsc-ratisbona.de\/wp\/wp-content\/uploads\/2018\/12\/181201_GSC_Jahresabschluss_004a.jpg 1400w\" sizes=\"auto, (max-width: 300px) 100vw, 300px\" \/>\u00a0<img loading=\"lazy\" decoding=\"async\" class=\"alignnone wp-image-3142\" src=\"https:\/\/gsc-ratisbona.de\/wp\/wp-content\/uploads\/2018\/12\/181201_GSC_Jahresabschluss_006a-1024x683.jpg\" alt=\"\" width=\"300\" height=\"200\" srcset=\"https:\/\/gsc-ratisbona.de\/wp\/wp-content\/uploads\/2018\/12\/181201_GSC_Jahresabschluss_006a-1024x683.jpg 1024w, https:\/\/gsc-ratisbona.de\/wp\/wp-content\/uploads\/2018\/12\/181201_GSC_Jahresabschluss_006a-300x200.jpg 300w, https:\/\/gsc-ratisbona.de\/wp\/wp-content\/uploads\/2018\/12\/181201_GSC_Jahresabschluss_006a-768x512.jpg 768w, https:\/\/gsc-ratisbona.de\/wp\/wp-content\/uploads\/2018\/12\/181201_GSC_Jahresabschluss_006a-150x100.jpg 150w, https:\/\/gsc-ratisbona.de\/wp\/wp-content\/uploads\/2018\/12\/181201_GSC_Jahresabschluss_006a.jpg 1633w\" sizes=\"auto, (max-width: 300px) 100vw, 300px\" \/><\/p>\n<p><img loading=\"lazy\" decoding=\"async\" class=\"alignnone wp-image-3125\" src=\"https:\/\/gsc-ratisbona.de\/wp\/wp-content\/uploads\/2018\/12\/181201_GSC_Jahresabschluss_003-1024x768.jpg\" alt=\"\" width=\"300\" height=\"225\" srcset=\"https:\/\/gsc-ratisbona.de\/wp\/wp-content\/uploads\/2018\/12\/181201_GSC_Jahresabschluss_003-1024x768.jpg 1024w, https:\/\/gsc-ratisbona.de\/wp\/wp-content\/uploads\/2018\/12\/181201_GSC_Jahresabschluss_003-300x225.jpg 300w, https:\/\/gsc-ratisbona.de\/wp\/wp-content\/uploads\/2018\/12\/181201_GSC_Jahresabschluss_003-768x576.jpg 768w, https:\/\/gsc-ratisbona.de\/wp\/wp-content\/uploads\/2018\/12\/181201_GSC_Jahresabschluss_003-150x113.jpg 150w, https:\/\/gsc-ratisbona.de\/wp\/wp-content\/uploads\/2018\/12\/181201_GSC_Jahresabschluss_003.jpg 1225w\" sizes=\"auto, (max-width: 300px) 100vw, 300px\" \/>\u00a0<img loading=\"lazy\" decoding=\"async\" class=\"alignnone wp-image-3127\" src=\"https:\/\/gsc-ratisbona.de\/wp\/wp-content\/uploads\/2018\/12\/181201_GSC_Jahresabschluss_016-1024x768.jpg\" alt=\"\" width=\"300\" height=\"225\" srcset=\"https:\/\/gsc-ratisbona.de\/wp\/wp-content\/uploads\/2018\/12\/181201_GSC_Jahresabschluss_016-1024x768.jpg 1024w, https:\/\/gsc-ratisbona.de\/wp\/wp-content\/uploads\/2018\/12\/181201_GSC_Jahresabschluss_016-300x225.jpg 300w, https:\/\/gsc-ratisbona.de\/wp\/wp-content\/uploads\/2018\/12\/181201_GSC_Jahresabschluss_016-768x576.jpg 768w, https:\/\/gsc-ratisbona.de\/wp\/wp-content\/uploads\/2018\/12\/181201_GSC_Jahresabschluss_016-150x112.jpg 150w, https:\/\/gsc-ratisbona.de\/wp\/wp-content\/uploads\/2018\/12\/181201_GSC_Jahresabschluss_016.jpg 1467w\" sizes=\"auto, (max-width: 300px) 100vw, 300px\" \/><\/p>\n","protected":false},"excerpt":{"rendered":"<p>Am 01.Dezember fand der Saisonabschluss des GSC statt. Mehr als 50 Pilotinnen und Piloten, teils mit Anhang, feierten gemeinsam im Spitalkeller. Im Jahresr\u00fcckblick konnte man die Highlights Revue passieren lassen. Die Analyse der XC-Saison zeigte eine deutliche Zunahme der Fl\u00fcge (+10%) und Flugstunden (+30%) gegen\u00fcber der Vorsaison. Stefan Weber sicherte sich den Titel als Streckenflugmeister&#8230;&nbsp;(<a href=\"https:\/\/gsc-ratisbona.de\/wp\/?p=3128\">weiterlesen<\/a>)<\/p>\n","protected":false},"author":9,"featured_media":0,"comment_status":"closed","ping_status":"closed","sticky":false,"template":"","format":"standard","meta":{"footnotes":""},"categories":[2],"tags":[],"class_list":["post-3128","post","type-post","status-publish","format-standard","hentry","category-aktuell"],"_links":{"self":[{"href":"https:\/\/gsc-ratisbona.de\/wp\/index.php?rest_route=\/wp\/v2\/posts\/3128","targetHints":{"allow":["GET"]}}],"collection":[{"href":"https:\/\/gsc-ratisbona.de\/wp\/index.php?rest_route=\/wp\/v2\/posts"}],"about":[{"href":"https:\/\/gsc-ratisbona.de\/wp\/index.php?rest_route=\/wp\/v2\/types\/post"}],"author":[{"embeddable":true,"href":"https:\/\/gsc-ratisbona.de\/wp\/index.php?rest_route=\/wp\/v2\/users\/9"}],"replies":[{"embeddable":true,"href":"https:\/\/gsc-ratisbona.de\/wp\/index.php?rest_route=%2Fwp%2Fv2%2Fcomments&post=3128"}],"version-history":[{"count":15,"href":"https:\/\/gsc-ratisbona.de\/wp\/index.php?rest_route=\/wp\/v2\/posts\/3128\/revisions"}],"predecessor-version":[{"id":3147,"href":"https:\/\/gsc-ratisbona.de\/wp\/index.php?rest_route=\/wp\/v2\/posts\/3128\/revisions\/3147"}],"wp:attachment":[{"href":"https:\/\/gsc-ratisbona.de\/wp\/index.php?rest_route=%2Fwp%2Fv2%2Fmedia&parent=3128"}],"wp:term":[{"taxonomy":"category","embeddable":true,"href":"https:\/\/gsc-ratisbona.de\/wp\/index.php?rest_route=%2Fwp%2Fv2%2Fcategories&post=3128"},{"taxonomy":"post_tag","embeddable":true,"href":"https:\/\/gsc-ratisbona.de\/wp\/index.php?rest_route=%2Fwp%2Fv2%2Ftags&post=3128"}],"curies":[{"name":"wp","href":"https:\/\/api.w.org\/{rel}","templated":true}]}}