{"id":3181,"date":"2019-01-15T22:08:38","date_gmt":"2019-01-15T21:08:38","guid":{"rendered":"https:\/\/gsc-ratisbona.de\/wp\/?p=3181"},"modified":"2019-01-15T22:10:08","modified_gmt":"2019-01-15T21:10:08","slug":"rettertraining","status":"publish","type":"post","link":"https:\/\/gsc-ratisbona.de\/wp\/?p=3181","title":{"rendered":"Rettertraining"},"content":{"rendered":"<p>Nach einem gut besuchten Stammtisch am Freitag, den 11. Januar fand am darauffolgenden Tag das j\u00e4hrliche Rettertraining statt. Wie auch im letzten Jahr haben Christian Gossner und Tobias H\u00f6chstetter von der Flugschule Wildsch\u00f6nau die inhaltliche Leitung des Seminars ehrenamtlich \u00fcbernommen. Die Qualit\u00e4t des Rettertrainings 2018 hat sich offenbar rumgesprochen: schon bei meinem Eintreffen waren gut 30 Piloten anwesend, ich laufe der n\u00e4chsten 2 Stunden d\u00fcrfte diese Zahl auf knapp 40 angestiegen sein. Somit haben wir schon am 11. Tag des neuen Jahres einen beeindruckenden Vereinsrekord erreicht.<\/p>\n<p>Was dann folgte waren intensive 2 Stunden Seminar mit Inhalten die weit \u00fcber einen Rettungswurf hinausgingen. Christian und Tobias gaben den eingeh\u00e4ngten Piloten detaillierte Hinweise zur Optimierung der Gurtzeugeinstellung, zum Rettungswurf, zur Steuerungstechnik, Extremflugverhalten und vieles mehr. Diese Themen wurden so kompetent erkl\u00e4rt, das viele Piloten auch nach ihrem Rettungswurf im Zuh\u00f6rerkreis verblieben. W\u00e4hrend Tobias seinen Schwerpunkt bei den eingeh\u00e4ngten Piloten hatte und dabei von Heinz Lobmeier bei der Simulation abgekippter Gurtzeugstellungen assistiert wurde, machte sich Christian im anderen Teil der Halle an das Packen. Dabei war er auch stets von einigen Piloten umringt die aufmerksam seinen Informationen \u00fcber die unterschiedlichen Rettungtypen, Packmethoden, Materialien, Alterung und vieles mehr zuh\u00f6rten.<\/p>\n<p>Als ich die Halle um 12h verlie\u00df waren immer noch gut 20 Piloten anwesend. Am Nachmittag folgte dann eine intensive Packsession, die bis in den Abend anhielt. Erm\u00f6glicht wurde diese starke Veranstaltung durch Heinz Lobmeier, der die optimalen R\u00e4umlichkeiten organisiert hat und von morgens bis abends tatkr\u00e4ftig die beiden Experten von der Flugschule Wildsch\u00f6nau unterst\u00fctzte. Ein Lob auch an die Teilnehmer: Interesse und ein ausreichendes Zeitpolster haben das Rettertraining von &#8218;Rettung raus und weg&#8216; hin zu einem echten Seminar mit viel Interaktion werden lassen.<\/p>\n<p>Fazit: Christian und Tobias haben die Me\u00dflatte f\u00fcrs folgende Jahr ganz sch\u00f6n hoch gelegt \ud83d\ude42<\/p>\n<p>&nbsp;<\/p>\n<p><img loading=\"lazy\" decoding=\"async\" class=\"alignnone wp-image-3185\" src=\"https:\/\/gsc-ratisbona.de\/wp\/wp-content\/uploads\/2019\/01\/190112_Rettung_1b-1024x445.jpg\" alt=\"\" width=\"700\" height=\"304\" srcset=\"https:\/\/gsc-ratisbona.de\/wp\/wp-content\/uploads\/2019\/01\/190112_Rettung_1b-1024x445.jpg 1024w, https:\/\/gsc-ratisbona.de\/wp\/wp-content\/uploads\/2019\/01\/190112_Rettung_1b-300x130.jpg 300w, https:\/\/gsc-ratisbona.de\/wp\/wp-content\/uploads\/2019\/01\/190112_Rettung_1b-768x334.jpg 768w, https:\/\/gsc-ratisbona.de\/wp\/wp-content\/uploads\/2019\/01\/190112_Rettung_1b-150x65.jpg 150w, https:\/\/gsc-ratisbona.de\/wp\/wp-content\/uploads\/2019\/01\/190112_Rettung_1b.jpg 1920w\" sizes=\"auto, (max-width: 700px) 100vw, 700px\" \/><br \/>\n<img loading=\"lazy\" decoding=\"async\" class=\"alignnone wp-image-3186\" src=\"https:\/\/gsc-ratisbona.de\/wp\/wp-content\/uploads\/2019\/01\/190112_Rettung_4-1024x683.jpg\" alt=\"\" width=\"348\" height=\"232\" srcset=\"https:\/\/gsc-ratisbona.de\/wp\/wp-content\/uploads\/2019\/01\/190112_Rettung_4-1024x683.jpg 1024w, https:\/\/gsc-ratisbona.de\/wp\/wp-content\/uploads\/2019\/01\/190112_Rettung_4-300x200.jpg 300w, https:\/\/gsc-ratisbona.de\/wp\/wp-content\/uploads\/2019\/01\/190112_Rettung_4-768x512.jpg 768w, https:\/\/gsc-ratisbona.de\/wp\/wp-content\/uploads\/2019\/01\/190112_Rettung_4-150x100.jpg 150w, https:\/\/gsc-ratisbona.de\/wp\/wp-content\/uploads\/2019\/01\/190112_Rettung_4.jpg 1920w\" sizes=\"auto, (max-width: 348px) 100vw, 348px\" \/> <img loading=\"lazy\" decoding=\"async\" class=\"alignnone wp-image-3187\" src=\"https:\/\/gsc-ratisbona.de\/wp\/wp-content\/uploads\/2019\/01\/190112_Rettung_7-1024x683.jpg\" alt=\"\" width=\"348\" height=\"232\" srcset=\"https:\/\/gsc-ratisbona.de\/wp\/wp-content\/uploads\/2019\/01\/190112_Rettung_7-1024x683.jpg 1024w, https:\/\/gsc-ratisbona.de\/wp\/wp-content\/uploads\/2019\/01\/190112_Rettung_7-300x200.jpg 300w, https:\/\/gsc-ratisbona.de\/wp\/wp-content\/uploads\/2019\/01\/190112_Rettung_7-768x512.jpg 768w, https:\/\/gsc-ratisbona.de\/wp\/wp-content\/uploads\/2019\/01\/190112_Rettung_7-150x100.jpg 150w, https:\/\/gsc-ratisbona.de\/wp\/wp-content\/uploads\/2019\/01\/190112_Rettung_7.jpg 1920w\" sizes=\"auto, (max-width: 348px) 100vw, 348px\" \/><\/p>\n<p>&nbsp;<\/p>\n","protected":false},"excerpt":{"rendered":"<p>Nach einem gut besuchten Stammtisch am Freitag, den 11. Januar fand am darauffolgenden Tag das j\u00e4hrliche Rettertraining statt. Wie auch im letzten Jahr haben Christian Gossner und Tobias H\u00f6chstetter von der Flugschule Wildsch\u00f6nau die inhaltliche Leitung des Seminars ehrenamtlich \u00fcbernommen. Die Qualit\u00e4t des Rettertrainings 2018 hat sich offenbar rumgesprochen: schon bei meinem Eintreffen waren gut&#8230;&nbsp;(<a href=\"https:\/\/gsc-ratisbona.de\/wp\/?p=3181\">weiterlesen<\/a>)<\/p>\n","protected":false},"author":9,"featured_media":0,"comment_status":"closed","ping_status":"closed","sticky":false,"template":"","format":"standard","meta":{"footnotes":""},"categories":[2],"tags":[],"class_list":["post-3181","post","type-post","status-publish","format-standard","hentry","category-aktuell"],"_links":{"self":[{"href":"https:\/\/gsc-ratisbona.de\/wp\/index.php?rest_route=\/wp\/v2\/posts\/3181","targetHints":{"allow":["GET"]}}],"collection":[{"href":"https:\/\/gsc-ratisbona.de\/wp\/index.php?rest_route=\/wp\/v2\/posts"}],"about":[{"href":"https:\/\/gsc-ratisbona.de\/wp\/index.php?rest_route=\/wp\/v2\/types\/post"}],"author":[{"embeddable":true,"href":"https:\/\/gsc-ratisbona.de\/wp\/index.php?rest_route=\/wp\/v2\/users\/9"}],"replies":[{"embeddable":true,"href":"https:\/\/gsc-ratisbona.de\/wp\/index.php?rest_route=%2Fwp%2Fv2%2Fcomments&post=3181"}],"version-history":[{"count":4,"href":"https:\/\/gsc-ratisbona.de\/wp\/index.php?rest_route=\/wp\/v2\/posts\/3181\/revisions"}],"predecessor-version":[{"id":3191,"href":"https:\/\/gsc-ratisbona.de\/wp\/index.php?rest_route=\/wp\/v2\/posts\/3181\/revisions\/3191"}],"wp:attachment":[{"href":"https:\/\/gsc-ratisbona.de\/wp\/index.php?rest_route=%2Fwp%2Fv2%2Fmedia&parent=3181"}],"wp:term":[{"taxonomy":"category","embeddable":true,"href":"https:\/\/gsc-ratisbona.de\/wp\/index.php?rest_route=%2Fwp%2Fv2%2Fcategories&post=3181"},{"taxonomy":"post_tag","embeddable":true,"href":"https:\/\/gsc-ratisbona.de\/wp\/index.php?rest_route=%2Fwp%2Fv2%2Ftags&post=3181"}],"curies":[{"name":"wp","href":"https:\/\/api.w.org\/{rel}","templated":true}]}}