{"id":3192,"date":"2019-01-17T19:25:59","date_gmt":"2019-01-17T18:25:59","guid":{"rendered":"https:\/\/gsc-ratisbona.de\/wp\/?p=3192"},"modified":"2019-01-27T17:11:17","modified_gmt":"2019-01-27T16:11:17","slug":"selbstpackerkurs","status":"publish","type":"post","link":"https:\/\/gsc-ratisbona.de\/wp\/?p=3192","title":{"rendered":"Selbstpackerkurs beim DGFC Regental"},"content":{"rendered":"<p>Nach dem erfolgreichen Rettertraining gibt es gleich das passende Erg\u00e4nzungsangebot bei unseren Kollegen:<br \/>\nDer DGFC Regental veranstaltet am 23.02.2019 in Geiersthal (bei Viechtach) einen Selbstpackerkurs f\u00fcr Rettungsger\u00e4te. N\u00e4here Informationen und Anmeldungen sind unter <a href=\"http:\/\/www.dgfc-regental.de\">www.dgfc-regental.de<\/a>\u00a0 m\u00f6glich. Es sind nur noch wenige Pl\u00e4tze frei. Interessierte sollen sich bitte bis zum 25.01.2019 direkt beim DGFC Regental anmelden.<\/p>\n<p>Viele Gr\u00fc\u00dfe<br \/>\nLuggi<\/p>\n","protected":false},"excerpt":{"rendered":"<p>Nach dem erfolgreichen Rettertraining gibt es gleich das passende Erg\u00e4nzungsangebot bei unseren Kollegen: Der DGFC Regental veranstaltet am 23.02.2019 in Geiersthal (bei Viechtach) einen Selbstpackerkurs f\u00fcr Rettungsger\u00e4te. N\u00e4here Informationen und Anmeldungen sind unter www.dgfc-regental.de\u00a0 m\u00f6glich. Es sind nur noch wenige Pl\u00e4tze frei. Interessierte sollen sich bitte bis zum 25.01.2019 direkt beim DGFC Regental anmelden. Viele&#8230;&nbsp;(<a href=\"https:\/\/gsc-ratisbona.de\/wp\/?p=3192\">weiterlesen<\/a>)<\/p>\n","protected":false},"author":9,"featured_media":0,"comment_status":"closed","ping_status":"closed","sticky":false,"template":"","format":"standard","meta":{"footnotes":""},"categories":[2],"tags":[],"class_list":["post-3192","post","type-post","status-publish","format-standard","hentry","category-aktuell"],"_links":{"self":[{"href":"https:\/\/gsc-ratisbona.de\/wp\/index.php?rest_route=\/wp\/v2\/posts\/3192","targetHints":{"allow":["GET"]}}],"collection":[{"href":"https:\/\/gsc-ratisbona.de\/wp\/index.php?rest_route=\/wp\/v2\/posts"}],"about":[{"href":"https:\/\/gsc-ratisbona.de\/wp\/index.php?rest_route=\/wp\/v2\/types\/post"}],"author":[{"embeddable":true,"href":"https:\/\/gsc-ratisbona.de\/wp\/index.php?rest_route=\/wp\/v2\/users\/9"}],"replies":[{"embeddable":true,"href":"https:\/\/gsc-ratisbona.de\/wp\/index.php?rest_route=%2Fwp%2Fv2%2Fcomments&post=3192"}],"version-history":[{"count":5,"href":"https:\/\/gsc-ratisbona.de\/wp\/index.php?rest_route=\/wp\/v2\/posts\/3192\/revisions"}],"predecessor-version":[{"id":3203,"href":"https:\/\/gsc-ratisbona.de\/wp\/index.php?rest_route=\/wp\/v2\/posts\/3192\/revisions\/3203"}],"wp:attachment":[{"href":"https:\/\/gsc-ratisbona.de\/wp\/index.php?rest_route=%2Fwp%2Fv2%2Fmedia&parent=3192"}],"wp:term":[{"taxonomy":"category","embeddable":true,"href":"https:\/\/gsc-ratisbona.de\/wp\/index.php?rest_route=%2Fwp%2Fv2%2Fcategories&post=3192"},{"taxonomy":"post_tag","embeddable":true,"href":"https:\/\/gsc-ratisbona.de\/wp\/index.php?rest_route=%2Fwp%2Fv2%2Ftags&post=3192"}],"curies":[{"name":"wp","href":"https:\/\/api.w.org\/{rel}","templated":true}]}}