{"id":3345,"date":"2019-10-18T22:00:55","date_gmt":"2019-10-18T20:00:55","guid":{"rendered":"https:\/\/gsc-ratisbona.de\/wp\/?p=3345"},"modified":"2019-10-20T21:59:54","modified_gmt":"2019-10-20T19:59:54","slug":"jahreshauptversammlung-2019","status":"publish","type":"post","link":"https:\/\/gsc-ratisbona.de\/wp\/?p=3345","title":{"rendered":"Jahreshauptversammlung mit Neuwahlen"},"content":{"rendered":"\n<p>Am 18. Oktober fand die Jahreshauptversammlung 2019 statt. Mehr als 30 Pilotinnen und Piloten waren anwesend, um das vergangene Jahr Revue passieren zu lassen und einen neuen Vorstand zu w\u00e4hlen. <br>Dabei wurde das bew\u00e4hrte Team im Vorstand best\u00e4tigt:<br><br><strong>1. Vorstand<\/strong> &#8211; Herrmann Klarl<br><strong>2. Vorstand <\/strong>&#8211; Christoph G\u00e4rditz<br><strong>Gesch\u00e4ftsf\u00fchrer <\/strong>&#8211; Stefan Weber<br><strong>Sportwart<\/strong> &#8211; Peter Hoppe<br><strong>Kassier<\/strong> &#8211; Robert Mair<br><br>Viel Erfolg f\u00fcr den neuen Vorstand!<br><br><img loading=\"lazy\" decoding=\"async\" width=\"400\" height=\"225\" class=\"wp-image-3347\" style=\"width: 400px;\" src=\"https:\/\/gsc-ratisbona.de\/wp\/wp-content\/uploads\/2019\/10\/2019-10_JHV.jpg\" alt=\"\" srcset=\"https:\/\/gsc-ratisbona.de\/wp\/wp-content\/uploads\/2019\/10\/2019-10_JHV.jpg 3839w, https:\/\/gsc-ratisbona.de\/wp\/wp-content\/uploads\/2019\/10\/2019-10_JHV-300x169.jpg 300w, https:\/\/gsc-ratisbona.de\/wp\/wp-content\/uploads\/2019\/10\/2019-10_JHV-768x432.jpg 768w, https:\/\/gsc-ratisbona.de\/wp\/wp-content\/uploads\/2019\/10\/2019-10_JHV-1024x576.jpg 1024w, https:\/\/gsc-ratisbona.de\/wp\/wp-content\/uploads\/2019\/10\/2019-10_JHV-150x84.jpg 150w\" sizes=\"auto, (max-width: 400px) 100vw, 400px\" \/><img loading=\"lazy\" decoding=\"async\" width=\"300\" height=\"225\" class=\"wp-image-2763\" style=\"width: 300px;\" src=\"https:\/\/gsc-ratisbona.de\/wp\/wp-content\/uploads\/JHV_2017.jpg\" alt=\"\" srcset=\"https:\/\/gsc-ratisbona.de\/wp\/wp-content\/uploads\/JHV_2017.jpg 1920w, https:\/\/gsc-ratisbona.de\/wp\/wp-content\/uploads\/JHV_2017-300x225.jpg 300w, https:\/\/gsc-ratisbona.de\/wp\/wp-content\/uploads\/JHV_2017-768x576.jpg 768w, https:\/\/gsc-ratisbona.de\/wp\/wp-content\/uploads\/JHV_2017-1024x768.jpg 1024w, https:\/\/gsc-ratisbona.de\/wp\/wp-content\/uploads\/JHV_2017-150x113.jpg 150w\" sizes=\"auto, (max-width: 300px) 100vw, 300px\" \/><\/p>\n","protected":false},"excerpt":{"rendered":"<p>Am 18. Oktober fand die Jahreshauptversammlung 2019 statt. Mehr als 30 Pilotinnen und Piloten waren anwesend, um das vergangene Jahr Revue passieren zu lassen und einen neuen Vorstand zu w\u00e4hlen. Dabei wurde das bew\u00e4hrte Team im Vorstand best\u00e4tigt: 1. Vorstand &#8211; Herrmann Klarl2. Vorstand &#8211; Christoph G\u00e4rditzGesch\u00e4ftsf\u00fchrer &#8211; Stefan WeberSportwart &#8211; Peter HoppeKassier &#8211; Robert&#8230;&nbsp;(<a href=\"https:\/\/gsc-ratisbona.de\/wp\/?p=3345\">weiterlesen<\/a>)<\/p>\n","protected":false},"author":9,"featured_media":0,"comment_status":"closed","ping_status":"closed","sticky":false,"template":"","format":"standard","meta":{"footnotes":""},"categories":[2],"tags":[],"class_list":["post-3345","post","type-post","status-publish","format-standard","hentry","category-aktuell"],"_links":{"self":[{"href":"https:\/\/gsc-ratisbona.de\/wp\/index.php?rest_route=\/wp\/v2\/posts\/3345","targetHints":{"allow":["GET"]}}],"collection":[{"href":"https:\/\/gsc-ratisbona.de\/wp\/index.php?rest_route=\/wp\/v2\/posts"}],"about":[{"href":"https:\/\/gsc-ratisbona.de\/wp\/index.php?rest_route=\/wp\/v2\/types\/post"}],"author":[{"embeddable":true,"href":"https:\/\/gsc-ratisbona.de\/wp\/index.php?rest_route=\/wp\/v2\/users\/9"}],"replies":[{"embeddable":true,"href":"https:\/\/gsc-ratisbona.de\/wp\/index.php?rest_route=%2Fwp%2Fv2%2Fcomments&post=3345"}],"version-history":[{"count":9,"href":"https:\/\/gsc-ratisbona.de\/wp\/index.php?rest_route=\/wp\/v2\/posts\/3345\/revisions"}],"predecessor-version":[{"id":3357,"href":"https:\/\/gsc-ratisbona.de\/wp\/index.php?rest_route=\/wp\/v2\/posts\/3345\/revisions\/3357"}],"wp:attachment":[{"href":"https:\/\/gsc-ratisbona.de\/wp\/index.php?rest_route=%2Fwp%2Fv2%2Fmedia&parent=3345"}],"wp:term":[{"taxonomy":"category","embeddable":true,"href":"https:\/\/gsc-ratisbona.de\/wp\/index.php?rest_route=%2Fwp%2Fv2%2Fcategories&post=3345"},{"taxonomy":"post_tag","embeddable":true,"href":"https:\/\/gsc-ratisbona.de\/wp\/index.php?rest_route=%2Fwp%2Fv2%2Ftags&post=3345"}],"curies":[{"name":"wp","href":"https:\/\/api.w.org\/{rel}","templated":true}]}}