{"id":3783,"date":"2020-10-24T17:56:26","date_gmt":"2020-10-24T15:56:26","guid":{"rendered":"https:\/\/gsc-ratisbona.de\/wp\/?p=3783"},"modified":"2020-10-24T18:02:14","modified_gmt":"2020-10-24T16:02:14","slug":"abflug-in-die-1-bundesliga","status":"publish","type":"post","link":"https:\/\/gsc-ratisbona.de\/wp\/?p=3783","title":{"rendered":"Abflug in die erste Bundesliga"},"content":{"rendered":"\n<p>In der <strong>Mittelbayrischen Zeitung <\/strong>ist unter dem Titel &#8222;Abflug in die erste Bundesliga&#8220; <br>ein sch\u00f6ner Beitrag \u00fcber den Erfolg des GSC in der 2.Bundesliga erschienen.<br>Abonnenten der MZ k\u00f6nnen den Artikel online <a rel=\"noreferrer noopener\" href=\"https:\/\/www.mittelbayerische.de\/region\/regensburg-land-nachrichten\/abflug-in-die-erste-bundesliga-21364-art1950425.html\" target=\"_blank\">hier<\/a> abrufen. <\/p>\n\n\n\n<figure class=\"wp-block-image size-large is-resized is-style-default\"><img loading=\"lazy\" decoding=\"async\" src=\"https:\/\/gsc-ratisbona.de\/wp\/wp-content\/uploads\/2020\/10\/image-1024x849.png\" alt=\"\" class=\"wp-image-3786\" width=\"380\" height=\"314\" srcset=\"https:\/\/gsc-ratisbona.de\/wp\/wp-content\/uploads\/2020\/10\/image-1024x849.png 1024w, https:\/\/gsc-ratisbona.de\/wp\/wp-content\/uploads\/2020\/10\/image-300x249.png 300w, https:\/\/gsc-ratisbona.de\/wp\/wp-content\/uploads\/2020\/10\/image-768x637.png 768w, https:\/\/gsc-ratisbona.de\/wp\/wp-content\/uploads\/2020\/10\/image-1536x1274.png 1536w, https:\/\/gsc-ratisbona.de\/wp\/wp-content\/uploads\/2020\/10\/image-150x124.png 150w, https:\/\/gsc-ratisbona.de\/wp\/wp-content\/uploads\/2020\/10\/image.png 1980w\" sizes=\"auto, (max-width: 380px) 100vw, 380px\" \/><\/figure>\n","protected":false},"excerpt":{"rendered":"<p>In der Mittelbayrischen Zeitung ist unter dem Titel &#8222;Abflug in die erste Bundesliga&#8220; ein sch\u00f6ner Beitrag \u00fcber den Erfolg des GSC in der 2.Bundesliga erschienen.Abonnenten der MZ k\u00f6nnen den Artikel online hier abrufen.<\/p>\n","protected":false},"author":9,"featured_media":0,"comment_status":"closed","ping_status":"closed","sticky":false,"template":"","format":"standard","meta":{"footnotes":""},"categories":[2],"tags":[],"class_list":["post-3783","post","type-post","status-publish","format-standard","hentry","category-aktuell"],"_links":{"self":[{"href":"https:\/\/gsc-ratisbona.de\/wp\/index.php?rest_route=\/wp\/v2\/posts\/3783","targetHints":{"allow":["GET"]}}],"collection":[{"href":"https:\/\/gsc-ratisbona.de\/wp\/index.php?rest_route=\/wp\/v2\/posts"}],"about":[{"href":"https:\/\/gsc-ratisbona.de\/wp\/index.php?rest_route=\/wp\/v2\/types\/post"}],"author":[{"embeddable":true,"href":"https:\/\/gsc-ratisbona.de\/wp\/index.php?rest_route=\/wp\/v2\/users\/9"}],"replies":[{"embeddable":true,"href":"https:\/\/gsc-ratisbona.de\/wp\/index.php?rest_route=%2Fwp%2Fv2%2Fcomments&post=3783"}],"version-history":[{"count":8,"href":"https:\/\/gsc-ratisbona.de\/wp\/index.php?rest_route=\/wp\/v2\/posts\/3783\/revisions"}],"predecessor-version":[{"id":3792,"href":"https:\/\/gsc-ratisbona.de\/wp\/index.php?rest_route=\/wp\/v2\/posts\/3783\/revisions\/3792"}],"wp:attachment":[{"href":"https:\/\/gsc-ratisbona.de\/wp\/index.php?rest_route=%2Fwp%2Fv2%2Fmedia&parent=3783"}],"wp:term":[{"taxonomy":"category","embeddable":true,"href":"https:\/\/gsc-ratisbona.de\/wp\/index.php?rest_route=%2Fwp%2Fv2%2Fcategories&post=3783"},{"taxonomy":"post_tag","embeddable":true,"href":"https:\/\/gsc-ratisbona.de\/wp\/index.php?rest_route=%2Fwp%2Fv2%2Ftags&post=3783"}],"curies":[{"name":"wp","href":"https:\/\/api.w.org\/{rel}","templated":true}]}}