{"id":3795,"date":"2020-11-01T17:00:33","date_gmt":"2020-11-01T16:00:33","guid":{"rendered":"https:\/\/gsc-ratisbona.de\/wp\/?p=3795"},"modified":"2020-11-01T17:03:41","modified_gmt":"2020-11-01T16:03:41","slug":"saisonrueckblick","status":"publish","type":"post","link":"https:\/\/gsc-ratisbona.de\/wp\/?p=3795","title":{"rendered":"Saisonr\u00fcckblick"},"content":{"rendered":"\n<p><strong>Liebe Gleitschirmfliegerinnen, liebe Gleitschirmflieger<\/strong>,<\/p>\n\n\n\n<p>aufgrund der aktuellen Coronaentwicklungen m\u00fcssen wir unsere Saisonabschlussfeier und die Reinigungsaktion am 14.Nov. leider absagen. Es geht eine au\u00dfergew\u00f6hnliche Saison zu Ende, an die wir noch lange denken werden.<\/p>\n\n\n\n<p>Im Januar und Februar konnten wir noch relativ normal starten, mit Rettungsschirmtrainig und gut besuchten Stammtischen.&nbsp; Im Februar zeigte Sigi schon die ersten geschlossenen Aufgaben bis 60km in Bassano. Jens organisierte einen sehr interessanten Besuch bei der Wetterstation in K\u00fcmmersbruck. Und der BN Kallm\u00fcnz m\u00f6chte das Fliegen einschr\u00e4nken wegen eines Uhu`s am Burgberg.<\/p>\n\n\n\n<p>Ab M\u00e4rz hat uns dann Corona voll getroffen. Stammtische mussten bis einschlie\u00dflich Juni abgesagt werden. Alle Fluggebiete in Deutschland wurden geschlossen. Fliegen im benachbarten Ausland war auch nicht mehr m\u00f6glich. Ab Anfang Mai wurden die Fluggebiete langsam wieder ge\u00f6ffnet. Der 17.5. war dann der erste gro\u00dfe Streckentag in Oberemmendorf. Wir konnten ein paar ganz gro\u00dfe Fl\u00fcge auf unserem Konto verbuchen. Andreas 172km, Peter 156km, Christoph 124km, Tobi 115km, dieser gigantische Tag war sozusagen der Grundstein f\u00fcr eine \u00fcberaus erfolgreiche Bundesliga. Die geplanten Ausfahrten in die Alpen m\u00fcssten weiterhin abgesagt werden.<\/p>\n\n\n\n<p>Im Juli musste unser Sommerfest aufgrund der anhaltenden Coronasituation gecancelt werden, es fand ein Stammtisch beim Huf in Tremmelhausen im kleinen Kreis statt. Im bayerischen Wald waren wieder gute und weite Fl\u00fcge m\u00f6glich. Sigi z.B. flog an 3 aufeinanderfolgenden Tagen 3mal zwischen 90 und 166 km.<\/p>\n\n\n\n<p>Im August trafen wir uns zum au\u00dferordentlichen Stammtisch beim Huf. Ebenfalls im August konnten wir die ersten gro\u00dfen Fl\u00fcge in den Alpen einfliegen. Der 8. Und 9. August waren \u00fcberaus erfolgreich in S\u00fcdtirol und K\u00e4rnten. Andreas flog Vereinsrekord mit 219km FAI von der Grente, Peter mit eigener Bestleistung von 148km FAI am Speikboden, Flo 104km am Golzentipp, Christian, Tobi, Till, Sigi, Milena mit Fl\u00fcgen zwischen 75 und 100 km in Greifenburg. Dies war dann der Schlu\u00dfpunkt, der uns den Sieg in der 2. Bundesliga und den Aufstieg in die 1. Bundesliga sicherte.<\/p>\n\n\n\n<p>Herzliche Gl\u00fcckw\u00fcnsche an unsere Aktiven f\u00fcr diese au\u00dfergew\u00f6hnliche Leistung in dieser au\u00dfergew\u00f6hnlichen Zeit. Wir die Vorstandschaft und alle Mitglieder sind stolz auf Euch und freuen uns, dass Ihr diese tolle Leistung unter diesen schwierigen Bedingungen vollbracht habt. Ein besonderes Dankesch\u00f6n in diesem Zusammenhang an unseren Sportwart Peter, der das Thema Bundesliga so stark gepusht hat und durch viele eigene Punkte dazu beigetragen hat, dass dieser Erfolg m\u00f6glich war.<\/p>\n\n\n\n<p>Leider k\u00f6nnen wir diesen Erfolg aktuell nicht geb\u00fchrend feiern, aber wir hoffen, dass wir das sp\u00e4testens im Fr\u00fchjahr nachholen k\u00f6nnen.<\/p>\n\n\n\n<p>Das gleiche gilt f\u00fcr alle anderen Termine, Reinigungsaktion, Retterwerfen im Januar, Jahreshauptversammlung im Februar. Wir werden die Situation weiter beobachten und k\u00f6nnen dann nur jeweils kurzfristig entscheiden, ob die Termine stattfinden k\u00f6nnen.<\/p>\n\n\n\n<p>Falls es die weitere Entwicklung zul\u00e4sst, halten wir evtl. noch einen Sonderstammtisch im Dezember ab. Allen, die ich heuer nicht mehr sehen werde, w\u00fcnsche ich heute schon einen sch\u00f6nen Jahresausklang, frohe Weihnachten und einen guten Rutsch ins neue Jahr und bleibt vor allem gesund.<\/p>\n\n\n\n<p>Mit besten Gr\u00fc\u00dfen<\/p>\n\n\n\n<p>Hermann<\/p>\n","protected":false},"excerpt":{"rendered":"<p>Liebe Gleitschirmfliegerinnen, liebe Gleitschirmflieger, aufgrund der aktuellen Coronaentwicklungen m\u00fcssen wir unsere Saisonabschlussfeier und die Reinigungsaktion am 14.Nov. leider absagen. Es geht eine au\u00dfergew\u00f6hnliche Saison zu Ende, an die wir noch lange denken werden. Im Januar und Februar konnten wir noch relativ normal starten, mit Rettungsschirmtrainig und gut besuchten Stammtischen.&nbsp; Im Februar zeigte Sigi schon die&#8230;&nbsp;(<a href=\"https:\/\/gsc-ratisbona.de\/wp\/?p=3795\">weiterlesen<\/a>)<\/p>\n","protected":false},"author":9,"featured_media":0,"comment_status":"closed","ping_status":"closed","sticky":false,"template":"","format":"standard","meta":{"footnotes":""},"categories":[2],"tags":[],"class_list":["post-3795","post","type-post","status-publish","format-standard","hentry","category-aktuell"],"_links":{"self":[{"href":"https:\/\/gsc-ratisbona.de\/wp\/index.php?rest_route=\/wp\/v2\/posts\/3795","targetHints":{"allow":["GET"]}}],"collection":[{"href":"https:\/\/gsc-ratisbona.de\/wp\/index.php?rest_route=\/wp\/v2\/posts"}],"about":[{"href":"https:\/\/gsc-ratisbona.de\/wp\/index.php?rest_route=\/wp\/v2\/types\/post"}],"author":[{"embeddable":true,"href":"https:\/\/gsc-ratisbona.de\/wp\/index.php?rest_route=\/wp\/v2\/users\/9"}],"replies":[{"embeddable":true,"href":"https:\/\/gsc-ratisbona.de\/wp\/index.php?rest_route=%2Fwp%2Fv2%2Fcomments&post=3795"}],"version-history":[{"count":2,"href":"https:\/\/gsc-ratisbona.de\/wp\/index.php?rest_route=\/wp\/v2\/posts\/3795\/revisions"}],"predecessor-version":[{"id":3797,"href":"https:\/\/gsc-ratisbona.de\/wp\/index.php?rest_route=\/wp\/v2\/posts\/3795\/revisions\/3797"}],"wp:attachment":[{"href":"https:\/\/gsc-ratisbona.de\/wp\/index.php?rest_route=%2Fwp%2Fv2%2Fmedia&parent=3795"}],"wp:term":[{"taxonomy":"category","embeddable":true,"href":"https:\/\/gsc-ratisbona.de\/wp\/index.php?rest_route=%2Fwp%2Fv2%2Fcategories&post=3795"},{"taxonomy":"post_tag","embeddable":true,"href":"https:\/\/gsc-ratisbona.de\/wp\/index.php?rest_route=%2Fwp%2Fv2%2Ftags&post=3795"}],"curies":[{"name":"wp","href":"https:\/\/api.w.org\/{rel}","templated":true}]}}