{"id":3980,"date":"2021-04-17T22:10:22","date_gmt":"2021-04-17T20:10:22","guid":{"rendered":"https:\/\/gsc-ratisbona.de\/wp\/?p=3980"},"modified":"2021-04-18T20:16:32","modified_gmt":"2021-04-18T18:16:32","slug":"neuer-gsc-vorstand","status":"publish","type":"post","link":"https:\/\/gsc-ratisbona.de\/wp\/?p=3980","title":{"rendered":"Neuer GSC Vorstand"},"content":{"rendered":"\n<p>Am 16.April fand die diesj\u00e4hrige Jahreshauptversammlung des GSC Ratisbona statt. Corona bedingt wurde die JHV online abgehalten. Neben einem R\u00fcckblick mit dem Highlight &#8222;Aufstieg in die 1.Bundesliga&#8220; stand ein Bild auf die Finanzen sowie die Neuwahl des Vorstands an.<br>Der neue GSC Vorstand setzt sich aus folgenden Mitgliedern zusammen:<\/p>\n\n\n\n<p>Christoph G\u00e4rditz &#8211; 1. Vorstand<br>Tobias Fasan &#8211; 2. Vorstand und Gel\u00e4ndewart<br>Stefan Weber &#8211; Gesch\u00e4ftsf\u00fchrer<br>Peter Hoppe &#8211; Sportwart<br>Robert Mair &#8211; Kassier<\/p>\n\n\n\n<p>Viel Erfolg in den kommenden beiden Jahren f\u00fcr den neuen Vorstand!<\/p>\n\n\n\n<p><br><\/p>\n","protected":false},"excerpt":{"rendered":"<p>Am 16.April fand die diesj\u00e4hrige Jahreshauptversammlung des GSC Ratisbona statt. Corona bedingt wurde die JHV online abgehalten. Neben einem R\u00fcckblick mit dem Highlight &#8222;Aufstieg in die 1.Bundesliga&#8220; stand ein Bild auf die Finanzen sowie die Neuwahl des Vorstands an.Der neue GSC Vorstand setzt sich aus folgenden Mitgliedern zusammen: Christoph G\u00e4rditz &#8211; 1. VorstandTobias Fasan &#8211;&#8230;&nbsp;(<a href=\"https:\/\/gsc-ratisbona.de\/wp\/?p=3980\">weiterlesen<\/a>)<\/p>\n","protected":false},"author":9,"featured_media":0,"comment_status":"closed","ping_status":"closed","sticky":false,"template":"","format":"standard","meta":{"footnotes":""},"categories":[2],"tags":[],"class_list":["post-3980","post","type-post","status-publish","format-standard","hentry","category-aktuell"],"_links":{"self":[{"href":"https:\/\/gsc-ratisbona.de\/wp\/index.php?rest_route=\/wp\/v2\/posts\/3980","targetHints":{"allow":["GET"]}}],"collection":[{"href":"https:\/\/gsc-ratisbona.de\/wp\/index.php?rest_route=\/wp\/v2\/posts"}],"about":[{"href":"https:\/\/gsc-ratisbona.de\/wp\/index.php?rest_route=\/wp\/v2\/types\/post"}],"author":[{"embeddable":true,"href":"https:\/\/gsc-ratisbona.de\/wp\/index.php?rest_route=\/wp\/v2\/users\/9"}],"replies":[{"embeddable":true,"href":"https:\/\/gsc-ratisbona.de\/wp\/index.php?rest_route=%2Fwp%2Fv2%2Fcomments&post=3980"}],"version-history":[{"count":4,"href":"https:\/\/gsc-ratisbona.de\/wp\/index.php?rest_route=\/wp\/v2\/posts\/3980\/revisions"}],"predecessor-version":[{"id":3990,"href":"https:\/\/gsc-ratisbona.de\/wp\/index.php?rest_route=\/wp\/v2\/posts\/3980\/revisions\/3990"}],"wp:attachment":[{"href":"https:\/\/gsc-ratisbona.de\/wp\/index.php?rest_route=%2Fwp%2Fv2%2Fmedia&parent=3980"}],"wp:term":[{"taxonomy":"category","embeddable":true,"href":"https:\/\/gsc-ratisbona.de\/wp\/index.php?rest_route=%2Fwp%2Fv2%2Fcategories&post=3980"},{"taxonomy":"post_tag","embeddable":true,"href":"https:\/\/gsc-ratisbona.de\/wp\/index.php?rest_route=%2Fwp%2Fv2%2Ftags&post=3980"}],"curies":[{"name":"wp","href":"https:\/\/api.w.org\/{rel}","templated":true}]}}