{"id":4469,"date":"2023-04-23T10:25:11","date_gmt":"2023-04-23T08:25:11","guid":{"rendered":"https:\/\/gsc-ratisbona.de\/wp\/?p=4469"},"modified":"2023-05-01T17:39:24","modified_gmt":"2023-05-01T15:39:24","slug":"neuer-gsc-vorstand-2","status":"publish","type":"post","link":"https:\/\/gsc-ratisbona.de\/wp\/?p=4469","title":{"rendered":"Neuer GSC Vorstand"},"content":{"rendered":"\n<p>Am 23.April fand die diesj\u00e4hrige Jahreshauptversammlung des GSC Ratisbona statt. Im Spitalkeller fanden sich mehr als 30 Mitglieder ein. Neben einem R\u00fcckblick auf 2022 stand ein Bild auf die Finanzen sowie die Neuwahl des gesamten Vorstands an. Das Protokoll findet ihr <a href=\"https:\/\/gsc-ratisbona.de\/wp\/wp-content\/uploads\/2023\/04\/230421-Protokoll-JHV-2023.pdf\" target=\"_blank\" rel=\"noreferrer noopener\">hier<\/a>. <br>Herzlichen Dank an Peter: Er kandidierte nach langj\u00e4hriger Arbeit im Vorstand als Gesch\u00e4ftsf\u00fchrer und Sportwart nicht wieder. <br>Der neue GSC Vorstand setzt sich aus folgenden Mitgliedern zusammen:<\/p>\n\n\n\n<p>Dr. Christoph G\u00e4rditz &#8211; 1. Vorstand<br>Kim Kraus &#8211; 2. Vorstand<br>Stefan Weber &#8211; Gesch\u00e4ftsf\u00fchrer<br>Andreas Ain\u00f6der &#8211; Sportwart<br>Robert Mair &#8211; Kassier<br>Dominik Schmeer &#8211; Gel\u00e4ndewart<\/p>\n\n\n\n<p>Viel Erfolg in den kommenden beiden Jahren f\u00fcr den neuen Vorstand!<\/p>\n\n\n\n<figure class=\"wp-block-image size-large is-resized is-style-default\"><img loading=\"lazy\" decoding=\"async\" src=\"https:\/\/gsc-ratisbona.de\/wp\/wp-content\/uploads\/2023\/04\/Vorstand-2023-1024x638.jpg\" alt=\"\" class=\"wp-image-4466\" width=\"512\" height=\"319\" srcset=\"https:\/\/gsc-ratisbona.de\/wp\/wp-content\/uploads\/2023\/04\/Vorstand-2023-1024x638.jpg 1024w, https:\/\/gsc-ratisbona.de\/wp\/wp-content\/uploads\/2023\/04\/Vorstand-2023-300x187.jpg 300w, https:\/\/gsc-ratisbona.de\/wp\/wp-content\/uploads\/2023\/04\/Vorstand-2023-768x478.jpg 768w, https:\/\/gsc-ratisbona.de\/wp\/wp-content\/uploads\/2023\/04\/Vorstand-2023-1536x956.jpg 1536w, https:\/\/gsc-ratisbona.de\/wp\/wp-content\/uploads\/2023\/04\/Vorstand-2023-2048x1275.jpg 2048w, https:\/\/gsc-ratisbona.de\/wp\/wp-content\/uploads\/2023\/04\/Vorstand-2023-150x93.jpg 150w\" sizes=\"auto, (max-width: 512px) 100vw, 512px\" \/><\/figure>\n","protected":false},"excerpt":{"rendered":"<p>Am 23.April fand die diesj\u00e4hrige Jahreshauptversammlung des GSC Ratisbona statt. Im Spitalkeller fanden sich mehr als 30 Mitglieder ein. Neben einem R\u00fcckblick auf 2022 stand ein Bild auf die Finanzen sowie die Neuwahl des gesamten Vorstands an. Das Protokoll findet ihr hier. Herzlichen Dank an Peter: Er kandidierte nach langj\u00e4hriger Arbeit im Vorstand als Gesch\u00e4ftsf\u00fchrer&#8230;&nbsp;(<a href=\"https:\/\/gsc-ratisbona.de\/wp\/?p=4469\">weiterlesen<\/a>)<\/p>\n","protected":false},"author":9,"featured_media":0,"comment_status":"closed","ping_status":"closed","sticky":false,"template":"","format":"standard","meta":{"footnotes":""},"categories":[2],"tags":[],"class_list":["post-4469","post","type-post","status-publish","format-standard","hentry","category-aktuell"],"_links":{"self":[{"href":"https:\/\/gsc-ratisbona.de\/wp\/index.php?rest_route=\/wp\/v2\/posts\/4469","targetHints":{"allow":["GET"]}}],"collection":[{"href":"https:\/\/gsc-ratisbona.de\/wp\/index.php?rest_route=\/wp\/v2\/posts"}],"about":[{"href":"https:\/\/gsc-ratisbona.de\/wp\/index.php?rest_route=\/wp\/v2\/types\/post"}],"author":[{"embeddable":true,"href":"https:\/\/gsc-ratisbona.de\/wp\/index.php?rest_route=\/wp\/v2\/users\/9"}],"replies":[{"embeddable":true,"href":"https:\/\/gsc-ratisbona.de\/wp\/index.php?rest_route=%2Fwp%2Fv2%2Fcomments&post=4469"}],"version-history":[{"count":13,"href":"https:\/\/gsc-ratisbona.de\/wp\/index.php?rest_route=\/wp\/v2\/posts\/4469\/revisions"}],"predecessor-version":[{"id":4511,"href":"https:\/\/gsc-ratisbona.de\/wp\/index.php?rest_route=\/wp\/v2\/posts\/4469\/revisions\/4511"}],"wp:attachment":[{"href":"https:\/\/gsc-ratisbona.de\/wp\/index.php?rest_route=%2Fwp%2Fv2%2Fmedia&parent=4469"}],"wp:term":[{"taxonomy":"category","embeddable":true,"href":"https:\/\/gsc-ratisbona.de\/wp\/index.php?rest_route=%2Fwp%2Fv2%2Fcategories&post=4469"},{"taxonomy":"post_tag","embeddable":true,"href":"https:\/\/gsc-ratisbona.de\/wp\/index.php?rest_route=%2Fwp%2Fv2%2Ftags&post=4469"}],"curies":[{"name":"wp","href":"https:\/\/api.w.org\/{rel}","templated":true}]}}